{"id":269,"date":"2017-09-17T19:51:30","date_gmt":"2017-09-17T18:51:30","guid":{"rendered":"http:\/\/roskildebmx.dk\/?p=269"},"modified":"2019-07-03T10:48:32","modified_gmt":"2019-07-03T09:48:32","slug":"kom-prov-er-flyttet","status":"publish","type":"post","link":"http:\/\/roskildebmx.dk\/?p=269","title":{"rendered":"Kom &#038; Pr\u00f8v er flyttet"},"content":{"rendered":"<p>Hej alle,<\/p>\n<p>Kom og pr\u00f8v er per 18\/9-2017 flyttet til mandag imellem 17 og 18. Dette g\u00e6lder indtil videre.<\/p>\n<p>mvh<\/p>\n<p>Roskilde BMX<\/p>\n","protected":false},"excerpt":{"rendered":"<p>Hej alle, Kom og pr\u00f8v er per 18\/9-2017 flyttet til mandag imellem 17 og 18. Dette g\u00e6lder indtil videre. mvh Roskilde BMX<\/p>\n","protected":false},"author":2,"featured_media":303,"comment_status":"closed","ping_status":"open","sticky":false,"template":"","format":"standard","meta":{"jetpack_post_was_ever_published":false,"_jetpack_newsletter_access":"","_jetpack_dont_email_post_to_subs":false,"_jetpack_newsletter_tier_id":0,"_jetpack_memberships_contains_paywalled_content":false,"_jetpack_memberships_contains_paid_content":false,"footnotes":"","jetpack_publicize_message":"","jetpack_publicize_feature_enabled":true,"jetpack_social_post_already_shared":true,"jetpack_social_options":{"image_generator_settings":{"template":"highway","default_image_id":0,"font":"","enabled":false},"version":2}},"categories":[6],"tags":[3,18,8,15,5,16,7],"class_list":["post-269","post","type-post","status-publish","format-standard","has-post-thumbnail","hentry","category-nyheder","tag-bmx","tag-ferie-2017","tag-info","tag-news","tag-roskilde","tag-traening","tag-vigtig"],"jetpack_publicize_connections":[],"jetpack_featured_media_url":"https:\/\/i0.wp.com\/roskildebmx.dk\/wp-content\/uploads\/2017\/10\/SNAB2765.jpg?fit=5760%2C3840","jetpack_sharing_enabled":true,"jetpack_shortlink":"https:\/\/wp.me\/p7gy79-4l","jetpack-related-posts":[{"id":533,"url":"http:\/\/roskildebmx.dk\/?p=533","url_meta":{"origin":269,"position":0},"title":"Kom og Pr\u00f8v November 2020","author":"Mikael Green","date":"24\/10\/2020","format":false,"excerpt":"Skal du pr\u00f8ve BMX, s\u00e5 tilmeld dig til vores popul\u00e6re Kom og Pr\u00f8v hold. Det n\u00e6ste starter den 7.November. Se mere her http:\/\/roskildebmx.dk\/?page_id=387 Tilmelding sker her: http:\/\/tilmelding.roskildebmx.dk\/ Sp\u00f8rgsm\u00e5l om Kom og Pr\u00f8v ? Skriv til nyi@roskildebmx.dk","rel":"","context":"In &quot;Nyheder&quot;","block_context":{"text":"Nyheder","link":"http:\/\/roskildebmx.dk\/?cat=6"},"img":{"alt_text":"","src":"https:\/\/i0.wp.com\/roskildebmx.dk\/wp-content\/uploads\/2017\/10\/SNAB2020.jpg?fit=964%2C1200&resize=350%2C200","width":350,"height":200,"srcset":"https:\/\/i0.wp.com\/roskildebmx.dk\/wp-content\/uploads\/2017\/10\/SNAB2020.jpg?fit=964%2C1200&resize=350%2C200 1x, https:\/\/i0.wp.com\/roskildebmx.dk\/wp-content\/uploads\/2017\/10\/SNAB2020.jpg?fit=964%2C1200&resize=525%2C300 1.5x, https:\/\/i0.wp.com\/roskildebmx.dk\/wp-content\/uploads\/2017\/10\/SNAB2020.jpg?fit=964%2C1200&resize=700%2C400 2x"},"classes":[]},{"id":574,"url":"http:\/\/roskildebmx.dk\/?p=574","url_meta":{"origin":269,"position":1},"title":"Kom og Pr\u00f8v &#8211; Maj","author":"Mikael Green","date":"16\/04\/2021","format":false,"excerpt":"Vi opretter et Kom og Pr\u00f8v hold for maj m\u00e5ned. Modsat de tidligere Kom og Pr\u00f8v hold, vil dette komme til at ligge om Onsdagen fra 1730 til 1830 p\u00e5 banen i Darup. Se ,ere under punktet \"Kom og Pr\u00f8v\" Med venlig hilsen Tr\u00e6nerteamet","rel":"","context":"In &quot;Nyheder&quot;","block_context":{"text":"Nyheder","link":"http:\/\/roskildebmx.dk\/?cat=6"},"img":{"alt_text":"","src":"https:\/\/i0.wp.com\/roskildebmx.dk\/wp-content\/uploads\/2021\/04\/20210410_090758-scaled.jpg?fit=1200%2C675&resize=350%2C200","width":350,"height":200,"srcset":"https:\/\/i0.wp.com\/roskildebmx.dk\/wp-content\/uploads\/2021\/04\/20210410_090758-scaled.jpg?fit=1200%2C675&resize=350%2C200 1x, https:\/\/i0.wp.com\/roskildebmx.dk\/wp-content\/uploads\/2021\/04\/20210410_090758-scaled.jpg?fit=1200%2C675&resize=525%2C300 1.5x, https:\/\/i0.wp.com\/roskildebmx.dk\/wp-content\/uploads\/2021\/04\/20210410_090758-scaled.jpg?fit=1200%2C675&resize=700%2C400 2x, https:\/\/i0.wp.com\/roskildebmx.dk\/wp-content\/uploads\/2021\/04\/20210410_090758-scaled.jpg?fit=1200%2C675&resize=1050%2C600 3x"},"classes":[]},{"id":350,"url":"http:\/\/roskildebmx.dk\/?p=350","url_meta":{"origin":269,"position":2},"title":"Kom &#038; Pr\u00f8v i sommerferien","author":"Mikael Green","date":"28\/06\/2018","format":false,"excerpt":"Kom & Pr\u00f8v holder sommerferie i uge 27 til 31. Vi er st\u00e6rkt tilbage i uge 32. Den 11.august afholder vi et Kom & Pr\u00f8v BMX arrangement, der vil komme mere info omkring dette senere, men book kalenderen og inviter alle jeres venner til at pr\u00f8ve BMX","rel":"","context":"In &quot;Nyheder&quot;","block_context":{"text":"Nyheder","link":"http:\/\/roskildebmx.dk\/?cat=6"},"img":{"alt_text":"","src":"https:\/\/i0.wp.com\/roskildebmx.dk\/wp-content\/uploads\/2017\/10\/SNAB4288.jpg?fit=1200%2C931&resize=350%2C200","width":350,"height":200,"srcset":"https:\/\/i0.wp.com\/roskildebmx.dk\/wp-content\/uploads\/2017\/10\/SNAB4288.jpg?fit=1200%2C931&resize=350%2C200 1x, https:\/\/i0.wp.com\/roskildebmx.dk\/wp-content\/uploads\/2017\/10\/SNAB4288.jpg?fit=1200%2C931&resize=525%2C300 1.5x, https:\/\/i0.wp.com\/roskildebmx.dk\/wp-content\/uploads\/2017\/10\/SNAB4288.jpg?fit=1200%2C931&resize=700%2C400 2x, https:\/\/i0.wp.com\/roskildebmx.dk\/wp-content\/uploads\/2017\/10\/SNAB4288.jpg?fit=1200%2C931&resize=1050%2C600 3x"},"classes":[]},{"id":756,"url":"http:\/\/roskildebmx.dk\/?p=756","url_meta":{"origin":269,"position":3},"title":"Kom og Pr\u00f8v &#8211; Oktober &#8217;23 Der er stadig ledige pladser","author":"Mikael Green","date":"26\/09\/2023","format":false,"excerpt":"Skal du ogs\u00e5 v\u00e6re med p\u00e5 vores popul\u00e6re kom og pr\u00f8v hold i oktober ? S\u00e5 skynd dig ind p\u00e5 http:\/\/roskildebmx.dk\/?page_id=387 og tilmeld dig.","rel":"","context":"In &quot;Nyheder&quot;","block_context":{"text":"Nyheder","link":"http:\/\/roskildebmx.dk\/?cat=6"},"img":{"alt_text":"","src":"https:\/\/i0.wp.com\/roskildebmx.dk\/wp-content\/uploads\/2023\/09\/383784198_24555706920695609_7279668984901928928_n.jpg?fit=1200%2C800&resize=350%2C200","width":350,"height":200,"srcset":"https:\/\/i0.wp.com\/roskildebmx.dk\/wp-content\/uploads\/2023\/09\/383784198_24555706920695609_7279668984901928928_n.jpg?fit=1200%2C800&resize=350%2C200 1x, https:\/\/i0.wp.com\/roskildebmx.dk\/wp-content\/uploads\/2023\/09\/383784198_24555706920695609_7279668984901928928_n.jpg?fit=1200%2C800&resize=525%2C300 1.5x, https:\/\/i0.wp.com\/roskildebmx.dk\/wp-content\/uploads\/2023\/09\/383784198_24555706920695609_7279668984901928928_n.jpg?fit=1200%2C800&resize=700%2C400 2x, https:\/\/i0.wp.com\/roskildebmx.dk\/wp-content\/uploads\/2023\/09\/383784198_24555706920695609_7279668984901928928_n.jpg?fit=1200%2C800&resize=1050%2C600 3x"},"classes":[]},{"id":559,"url":"http:\/\/roskildebmx.dk\/?p=559","url_meta":{"origin":269,"position":4},"title":"Kom og pr\u00f8v genstarter i marts","author":"Mikael Green","date":"04\/03\/2021","format":false,"excerpt":"S\u00e5 har vi f\u00e5et lov til at tr\u00e6ne udend\u00f8rs, og vores kom og pr\u00f8v hold starter op igen. Marts holdet starter den 13.marts, og april holdet starter den 10.april. Mere information kan ses her http:\/\/roskildebmx.dk\/?page_id=387 med venlig hilsen Tr\u00e6nerteamet","rel":"","context":"In &quot;Nyheder&quot;","block_context":{"text":"Nyheder","link":"http:\/\/roskildebmx.dk\/?cat=6"},"img":{"alt_text":"","src":"https:\/\/i0.wp.com\/roskildebmx.dk\/wp-content\/uploads\/2017\/10\/SNAB4371.jpg?fit=1200%2C800&resize=350%2C200","width":350,"height":200,"srcset":"https:\/\/i0.wp.com\/roskildebmx.dk\/wp-content\/uploads\/2017\/10\/SNAB4371.jpg?fit=1200%2C800&resize=350%2C200 1x, https:\/\/i0.wp.com\/roskildebmx.dk\/wp-content\/uploads\/2017\/10\/SNAB4371.jpg?fit=1200%2C800&resize=525%2C300 1.5x, https:\/\/i0.wp.com\/roskildebmx.dk\/wp-content\/uploads\/2017\/10\/SNAB4371.jpg?fit=1200%2C800&resize=700%2C400 2x, https:\/\/i0.wp.com\/roskildebmx.dk\/wp-content\/uploads\/2017\/10\/SNAB4371.jpg?fit=1200%2C800&resize=1050%2C600 3x"},"classes":[]},{"id":865,"url":"http:\/\/roskildebmx.dk\/?p=865","url_meta":{"origin":269,"position":5},"title":"Kom og pr\u00f8v i maj","author":"Mikael Green","date":"01\/05\/2025","format":false,"excerpt":"Kom og Pr\u00f8v BMX hos os ! Vi har stadige ledige pladser p\u00e5 n\u00e6ste hold Er du nysgerrig p\u00e5 BMX-sporten? S\u00e5 kom og pr\u00f8v vores sp\u00e6ndende \"Kom og Pr\u00f8v\"-forl\u00f8b! Over tre gange f\u00e5r du mulighed for at stifte bekendtskab med BMX-cykling og blive tryg ved sporten. Datoer for Maj 2025:\u2026","rel":"","context":"In &quot;Nyheder&quot;","block_context":{"text":"Nyheder","link":"http:\/\/roskildebmx.dk\/?cat=6"},"img":{"alt_text":"","src":"https:\/\/i0.wp.com\/roskildebmx.dk\/wp-content\/uploads\/2023\/10\/8-4oUfmQe9CK0N3RS.png?fit=512%2C512&resize=350%2C200","width":350,"height":200},"classes":[]}],"_links":{"self":[{"href":"http:\/\/roskildebmx.dk\/index.php?rest_route=\/wp\/v2\/posts\/269","targetHints":{"allow":["GET"]}}],"collection":[{"href":"http:\/\/roskildebmx.dk\/index.php?rest_route=\/wp\/v2\/posts"}],"about":[{"href":"http:\/\/roskildebmx.dk\/index.php?rest_route=\/wp\/v2\/types\/post"}],"author":[{"embeddable":true,"href":"http:\/\/roskildebmx.dk\/index.php?rest_route=\/wp\/v2\/users\/2"}],"replies":[{"embeddable":true,"href":"http:\/\/roskildebmx.dk\/index.php?rest_route=%2Fwp%2Fv2%2Fcomments&post=269"}],"version-history":[{"count":1,"href":"http:\/\/roskildebmx.dk\/index.php?rest_route=\/wp\/v2\/posts\/269\/revisions"}],"predecessor-version":[{"id":270,"href":"http:\/\/roskildebmx.dk\/index.php?rest_route=\/wp\/v2\/posts\/269\/revisions\/270"}],"wp:featuredmedia":[{"embeddable":true,"href":"http:\/\/roskildebmx.dk\/index.php?rest_route=\/wp\/v2\/media\/303"}],"wp:attachment":[{"href":"http:\/\/roskildebmx.dk\/index.php?rest_route=%2Fwp%2Fv2%2Fmedia&parent=269"}],"wp:term":[{"taxonomy":"category","embeddable":true,"href":"http:\/\/roskildebmx.dk\/index.php?rest_route=%2Fwp%2Fv2%2Fcategories&post=269"},{"taxonomy":"post_tag","embeddable":true,"href":"http:\/\/roskildebmx.dk\/index.php?rest_route=%2Fwp%2Fv2%2Ftags&post=269"}],"curies":[{"name":"wp","href":"https:\/\/api.w.org\/{rel}","templated":true}]}}