{"id":360,"date":"2018-06-29T21:06:36","date_gmt":"2018-06-29T20:06:36","guid":{"rendered":"http:\/\/roskildebmx.dk\/?p=360"},"modified":"2019-07-03T10:48:31","modified_gmt":"2019-07-03T09:48:31","slug":"aendring-af-holdinddeling-og-justering-af-traeningstider","status":"publish","type":"post","link":"http:\/\/roskildebmx.dk\/?p=360","title":{"rendered":"\u00c6ndring af holdinddeling og justering af tr\u00e6ningstider"},"content":{"rendered":"<p>K\u00e6re alle sammen,<\/p>\n<p>Med udgangspunkt i vores nuv\u00e6rende medlemstal (vi er en smule f\u00e6rre end sidste \u00e5r) og sammens\u00e6tningen af disse, har vores tr\u00e6nergruppe \u00f8nsket at vi \u00e6ndrer p\u00e5 holdinddelingen i klubben. Form\u00e5let med \u00e6ndringen er at skabe en bedre balance imellem antallet af ryttere p\u00e5 holdene (p\u00e5 nuv\u00e6rende tidspunkt er fordelingen af ryttere p\u00e5 de respektive hold, lidt sk\u00e6vt fordelt), og underst\u00f8tte det mest motiverende tr\u00e6ningsmilj\u00f8 p\u00e5 holdene. Det er et \u00f8nsket som bestyrelsen er enige i og derfor har tiltr\u00e5dt.<\/p>\n<p><strong>Tre hold fremadrettet:<\/strong><\/p>\n<p>Med virkning fra uge 32 (med start fra 6. august 2018), vil hold 2B blive nedlagt, og vi derefter have tre hold i klubben:<\/p>\n<p>&#8211; Hold 1<\/p>\n<p>&#8211; Hold 2<\/p>\n<p>&#8211; Hold 3<\/p>\n<p>&#8211; Rytterne p\u00e5 hold 1, forts\u00e6tter u\u00e6ndret p\u00e5 hold 1.<\/p>\n<p>&#8211; Rytterne p\u00e5 hold 2A forts\u00e6tter p\u00e5 det nye hold 2.<\/p>\n<p>&#8211; En lille h\u00e5ndfuld ryttere fra hold 2B forts\u00e6tter p\u00e5 hold 2 (alle disse er blevet kontaktet direkte), og de resterne rytter fra hold 2B forts\u00e6tter p\u00e5 hold 3. Hvis du hidtil har k\u00f8rt p\u00e5 hold 2B, og ikke er blevet kontaktet vedr. \u00e6ndringen, er det fordi du skal forts\u00e6tte p\u00e5 hold 3.<\/p>\n<p>&#8211; Rytterne fra hold 3, forts\u00e6tter u\u00e6ndret p\u00e5 hold 3.<\/p>\n<p><strong>Justering af tr\u00e6ningstiderne:<\/strong><\/p>\n<p>Med virkning fra uge 32, vil der blive foretaget nogle justeringer af tr\u00e6ningstiderne, hvor det hovedsagligt er rytterne fra det tidligere hold 2B som bliver ber\u00f8rt \u2013 men der er ogs\u00e5 mindre justering for rytterne p\u00e5 det tidligere hold 2A og hold 3. Tr\u00e6ningstiderne vil v\u00e6re som f\u00f8lgende:<\/p>\n<p>&#8211; Hold 1, tr\u00e6ner fortsat mandag og torsdag kl. 1700 \u2013 1800, hvor der ogs\u00e5 er \u201dKom og pr\u00f8v\u201d om torsdagen.<\/p>\n<p>&#8211; Hold 2, tr\u00e6ner tirsdag og torsdag kl. 1800 \u2013 1915. Bem\u00e6rk at det om tirsdagen er 15 min. tidligere end hidtil.<\/p>\n<p>&#8211; Hold 3, tr\u00e6ner tirsdag kl. 1900 \u2013 2030 og torsdag kl. 1845 \u2013 2015. bem\u00e6rk at det om tirsdagen er 15 min. tidligere end hidtil.<\/p>\n<p>Vi beklager besv\u00e6rligheder, de \u00e6ndret tr\u00e6ningstider evt. m\u00e5 medf\u00f8re \u2013 vi er opm\u00e6rksom p\u00e5, at \u201dfamilielogistik\u201d ikke altid er en nem opgave. Men vi h\u00e5ber at evt. udfordringer bliver l\u00f8st, og at man vil tage godt imod den nye holdinddeling.<\/p>\n<p><strong>Fremtiden:<\/strong><\/p>\n<p>Vi h\u00e5ber selvf\u00f8lgelig p\u00e5, at klubben hele tiden udvikler sig i den rigtige retning \u2013 hvorfor det ogs\u00e5 p\u00e5 et senere tidspunkt kan vise sig relevant, at oprette et 4. eller s\u00e5g\u00e5r et 5. hold igen. Med andre ord, holdinddeling er en dynamisk st\u00f8rrelse, som afh\u00e6nger af klubbens medlemstal og sammens\u00e6tningen af disse.<\/p>\n<p>Rigtig god sommer alle sammen<\/p>\n","protected":false},"excerpt":{"rendered":"<p>K\u00e6re alle sammen, Med udgangspunkt i vores nuv\u00e6rende medlemstal (vi er en smule f\u00e6rre end sidste \u00e5r) og sammens\u00e6tningen af disse, har vores tr\u00e6nergruppe \u00f8nsket at vi \u00e6ndrer p\u00e5 holdinddelingen i klubben. Form\u00e5let med \u00e6ndringen er at skabe en bedre balance imellem antallet af ryttere p\u00e5 holdene (p\u00e5 nuv\u00e6rende tidspunkt er fordelingen af ryttere p\u00e5 [&hellip;]<\/p>\n","protected":false},"author":2,"featured_media":312,"comment_status":"closed","ping_status":"open","sticky":false,"template":"","format":"standard","meta":{"jetpack_post_was_ever_published":false,"_jetpack_newsletter_access":"","_jetpack_dont_email_post_to_subs":false,"_jetpack_newsletter_tier_id":0,"_jetpack_memberships_contains_paywalled_content":false,"_jetpack_memberships_contains_paid_content":false,"footnotes":"","jetpack_publicize_message":"","jetpack_publicize_feature_enabled":true,"jetpack_social_post_already_shared":true,"jetpack_social_options":{"image_generator_settings":{"template":"highway","default_image_id":0,"font":"","enabled":false},"version":2}},"categories":[6],"tags":[47,48,26,49,3,20,50,44,45,46,5,51,16],"class_list":["post-360","post","type-post","status-publish","format-standard","has-post-thumbnail","hentry","category-nyheder","tag-47","tag-48","tag-26","tag-49","tag-bmx","tag-darup","tag-hold","tag-hold1","tag-hold2","tag-hold3","tag-roskilde","tag-sommer","tag-traening"],"jetpack_publicize_connections":[],"jetpack_featured_media_url":"https:\/\/i0.wp.com\/roskildebmx.dk\/wp-content\/uploads\/2017\/10\/SNAB4620.jpg?fit=5760%2C2604","jetpack_sharing_enabled":true,"jetpack_shortlink":"https:\/\/wp.me\/p7gy79-5O","jetpack-related-posts":[{"id":323,"url":"http:\/\/roskildebmx.dk\/?p=323","url_meta":{"origin":360,"position":0},"title":"Mange jern i ilden!","author":"Mikael Green","date":"08\/11\/2017","format":false,"excerpt":"K\u00e6re alle sammen, Hvis man gerne vil have en status over nogle af de nuv\u00e6rende aktiviteter i Roskilde BMX \u2013 er denne mail v\u00e6rd at bruge 5 minutter p\u00e5. Selvom l\u00f8bss\u00e6sonen er sat p\u00e5 pause, s\u00e5 er der gang i rigtig mange ting i Roskilde BMX \u2013 ting som skal\u2026","rel":"","context":"In &quot;Nyheder&quot;","block_context":{"text":"Nyheder","link":"http:\/\/roskildebmx.dk\/?cat=6"},"img":{"alt_text":"","src":"https:\/\/i0.wp.com\/roskildebmx.dk\/wp-content\/uploads\/2017\/10\/SNAB4965.jpg?fit=1200%2C800&resize=350%2C200","width":350,"height":200,"srcset":"https:\/\/i0.wp.com\/roskildebmx.dk\/wp-content\/uploads\/2017\/10\/SNAB4965.jpg?fit=1200%2C800&resize=350%2C200 1x, https:\/\/i0.wp.com\/roskildebmx.dk\/wp-content\/uploads\/2017\/10\/SNAB4965.jpg?fit=1200%2C800&resize=525%2C300 1.5x, https:\/\/i0.wp.com\/roskildebmx.dk\/wp-content\/uploads\/2017\/10\/SNAB4965.jpg?fit=1200%2C800&resize=700%2C400 2x, https:\/\/i0.wp.com\/roskildebmx.dk\/wp-content\/uploads\/2017\/10\/SNAB4965.jpg?fit=1200%2C800&resize=1050%2C600 3x"},"classes":[]},{"id":386,"url":"http:\/\/roskildebmx.dk\/?p=386","url_meta":{"origin":360,"position":1},"title":"Udend\u00f8rs s\u00e6sonen starter","author":"Mikael Green","date":"17\/03\/2019","format":false,"excerpt":"Fra uge 12 (starter i morgen), g\u00e5r vi som udgangspunkt udend\u00f8rs med vores BMX tr\u00e6ning. Det kan v\u00e6re at vejret driller lidt i den kommende periode, s\u00e5 hold \u00f8je med Session p\u00e5 Facebook, hvor tr\u00e6nerne vil melde ud, s\u00e5fremt tr\u00e6ningen vil blive flyttet til hal11. Vi forts\u00e6tter med de samme\u2026","rel":"","context":"In &quot;Nyheder&quot;","block_context":{"text":"Nyheder","link":"http:\/\/roskildebmx.dk\/?cat=6"},"img":{"alt_text":"","src":"https:\/\/i0.wp.com\/roskildebmx.dk\/wp-content\/uploads\/2016\/02\/Slide3-1.jpg?fit=1200%2C800&resize=350%2C200","width":350,"height":200,"srcset":"https:\/\/i0.wp.com\/roskildebmx.dk\/wp-content\/uploads\/2016\/02\/Slide3-1.jpg?fit=1200%2C800&resize=350%2C200 1x, https:\/\/i0.wp.com\/roskildebmx.dk\/wp-content\/uploads\/2016\/02\/Slide3-1.jpg?fit=1200%2C800&resize=525%2C300 1.5x, https:\/\/i0.wp.com\/roskildebmx.dk\/wp-content\/uploads\/2016\/02\/Slide3-1.jpg?fit=1200%2C800&resize=700%2C400 2x, https:\/\/i0.wp.com\/roskildebmx.dk\/wp-content\/uploads\/2016\/02\/Slide3-1.jpg?fit=1200%2C800&resize=1050%2C600 3x"},"classes":[]},{"id":554,"url":"http:\/\/roskildebmx.dk\/?p=554","url_meta":{"origin":360,"position":2},"title":"Nye corona-restriktioner","author":"Mikael Green","date":"09\/12\/2020","format":false,"excerpt":"K\u00e6re alle sammen, I forl\u00e6ngelse af regeringens sidste udmelding vedr. begr\u00e6nsning af smitte, har bestyrelsen dog besluttet, at alle tre hold fra og med imorgen\u00a0holder \"vinter\" pause \u00e5ret ud. Det er super \u00e6rgerligt, da vi har brug for fysisk aktivitet og f\u00e6lleskab, men samtidig er det fornuftigt, at vi g\u00f8r\u2026","rel":"","context":"In &quot;Nyheder&quot;","block_context":{"text":"Nyheder","link":"http:\/\/roskildebmx.dk\/?cat=6"},"img":{"alt_text":"","src":"https:\/\/i0.wp.com\/roskildebmx.dk\/wp-content\/uploads\/2016\/02\/Flyinghigh.jpg?fit=960%2C720&resize=350%2C200","width":350,"height":200,"srcset":"https:\/\/i0.wp.com\/roskildebmx.dk\/wp-content\/uploads\/2016\/02\/Flyinghigh.jpg?fit=960%2C720&resize=350%2C200 1x, https:\/\/i0.wp.com\/roskildebmx.dk\/wp-content\/uploads\/2016\/02\/Flyinghigh.jpg?fit=960%2C720&resize=525%2C300 1.5x, https:\/\/i0.wp.com\/roskildebmx.dk\/wp-content\/uploads\/2016\/02\/Flyinghigh.jpg?fit=960%2C720&resize=700%2C400 2x"},"classes":[]},{"id":537,"url":"http:\/\/roskildebmx.dk\/?p=537","url_meta":{"origin":360,"position":3},"title":"Vintertr\u00e6ning i Hal 11","author":"Mikael Green","date":"09\/11\/2020","format":false,"excerpt":"K\u00e6re alle sammen, S\u00e5 er det blivet tid til indend\u00f8rs BMX i vores l\u00e6kre hal 11. Med mindre andet er anf\u00f8rt i nedenst\u00e5ende, starter indend\u00f8rs tr\u00e6ningen fra i morgen tirsdag 10. november 2020. S\u00e6rligt til for\u00e6ldrende: Grundet den nuv\u00e6rende Covid-19 situation m\u00e5 for\u00e6ldrende ikke opholde sig i hallen under tr\u00e6ningen.\u2026","rel":"","context":"In &quot;Nyheder&quot;","block_context":{"text":"Nyheder","link":"http:\/\/roskildebmx.dk\/?cat=6"},"img":{"alt_text":"","src":"https:\/\/i0.wp.com\/roskildebmx.dk\/wp-content\/uploads\/2016\/02\/WP_20151119_18_24_38_Pro_small.jpg?fit=1200%2C675&resize=350%2C200","width":350,"height":200,"srcset":"https:\/\/i0.wp.com\/roskildebmx.dk\/wp-content\/uploads\/2016\/02\/WP_20151119_18_24_38_Pro_small.jpg?fit=1200%2C675&resize=350%2C200 1x, https:\/\/i0.wp.com\/roskildebmx.dk\/wp-content\/uploads\/2016\/02\/WP_20151119_18_24_38_Pro_small.jpg?fit=1200%2C675&resize=525%2C300 1.5x, https:\/\/i0.wp.com\/roskildebmx.dk\/wp-content\/uploads\/2016\/02\/WP_20151119_18_24_38_Pro_small.jpg?fit=1200%2C675&resize=700%2C400 2x, https:\/\/i0.wp.com\/roskildebmx.dk\/wp-content\/uploads\/2016\/02\/WP_20151119_18_24_38_Pro_small.jpg?fit=1200%2C675&resize=1050%2C600 3x"},"classes":[]},{"id":549,"url":"http:\/\/roskildebmx.dk\/?p=549","url_meta":{"origin":360,"position":4},"title":"Kom &#038; Pr\u00f8v Januar og februar","author":"Mikael Green","date":"19\/11\/2020","format":false,"excerpt":"S\u00e5 er vi klar med nye Kom & Pr\u00f8v hold. De l\u00f8ber af stabelen i januar og februar. Info omkring holdene kan ses her; http:\/\/roskildebmx.dk\/?page_id=387. Tilmelding til holdene kan ske her; http:\/\/tilmelding.roskildebmx.dk Vi har valgt at holde december fri for kom og pr\u00f8v, da der er travlt med juleforberedelser. I\u2026","rel":"","context":"In &quot;Nyheder&quot;","block_context":{"text":"Nyheder","link":"http:\/\/roskildebmx.dk\/?cat=6"},"img":{"alt_text":"","src":"https:\/\/i0.wp.com\/roskildebmx.dk\/wp-content\/uploads\/2016\/02\/olympics_beijing08_012-2.jpg?fit=800%2C509&resize=350%2C200","width":350,"height":200,"srcset":"https:\/\/i0.wp.com\/roskildebmx.dk\/wp-content\/uploads\/2016\/02\/olympics_beijing08_012-2.jpg?fit=800%2C509&resize=350%2C200 1x, https:\/\/i0.wp.com\/roskildebmx.dk\/wp-content\/uploads\/2016\/02\/olympics_beijing08_012-2.jpg?fit=800%2C509&resize=525%2C300 1.5x, https:\/\/i0.wp.com\/roskildebmx.dk\/wp-content\/uploads\/2016\/02\/olympics_beijing08_012-2.jpg?fit=800%2C509&resize=700%2C400 2x"},"classes":[]},{"id":95,"url":"http:\/\/roskildebmx.dk\/?p=95","url_meta":{"origin":360,"position":5},"title":"Indkaldelse til for\u00e6ldrem\u00f8de og generalforsamling vedr. Roskilde BMX 2016 d. 9.3 kl. 18.00-20.00","author":"rosbmx","date":"24\/02\/2016","format":false,"excerpt":"K\u00e6re Alle for\u00e6ldre og \u00e6ldre k\u00f8rere i Roskilde BMX S\u00e5 er det tid til for\u00e6ldrem\u00f8de med masser af info samt den \u00e5rlige generalforsamling. Tid og sted: Onsdag d. 9. marts fra kl. 18.00 til kl. 20.00. Vi m\u00f8des i cafeteriet ved indgangen til Roskilde Idr\u00e6tscenter (den gr\u00e5 bygning p\u00e5 venstre\u2026","rel":"","context":"In &quot;Nyheder&quot;","block_context":{"text":"Nyheder","link":"http:\/\/roskildebmx.dk\/?cat=6"},"img":{"alt_text":"","src":"https:\/\/i0.wp.com\/roskildebmx.dk\/wp-content\/uploads\/2016\/02\/Generalforsamling.jpg?fit=1000%2C681&resize=350%2C200","width":350,"height":200,"srcset":"https:\/\/i0.wp.com\/roskildebmx.dk\/wp-content\/uploads\/2016\/02\/Generalforsamling.jpg?fit=1000%2C681&resize=350%2C200 1x, https:\/\/i0.wp.com\/roskildebmx.dk\/wp-content\/uploads\/2016\/02\/Generalforsamling.jpg?fit=1000%2C681&resize=525%2C300 1.5x, https:\/\/i0.wp.com\/roskildebmx.dk\/wp-content\/uploads\/2016\/02\/Generalforsamling.jpg?fit=1000%2C681&resize=700%2C400 2x"},"classes":[]}],"_links":{"self":[{"href":"http:\/\/roskildebmx.dk\/index.php?rest_route=\/wp\/v2\/posts\/360","targetHints":{"allow":["GET"]}}],"collection":[{"href":"http:\/\/roskildebmx.dk\/index.php?rest_route=\/wp\/v2\/posts"}],"about":[{"href":"http:\/\/roskildebmx.dk\/index.php?rest_route=\/wp\/v2\/types\/post"}],"author":[{"embeddable":true,"href":"http:\/\/roskildebmx.dk\/index.php?rest_route=\/wp\/v2\/users\/2"}],"replies":[{"embeddable":true,"href":"http:\/\/roskildebmx.dk\/index.php?rest_route=%2Fwp%2Fv2%2Fcomments&post=360"}],"version-history":[{"count":1,"href":"http:\/\/roskildebmx.dk\/index.php?rest_route=\/wp\/v2\/posts\/360\/revisions"}],"predecessor-version":[{"id":361,"href":"http:\/\/roskildebmx.dk\/index.php?rest_route=\/wp\/v2\/posts\/360\/revisions\/361"}],"wp:featuredmedia":[{"embeddable":true,"href":"http:\/\/roskildebmx.dk\/index.php?rest_route=\/wp\/v2\/media\/312"}],"wp:attachment":[{"href":"http:\/\/roskildebmx.dk\/index.php?rest_route=%2Fwp%2Fv2%2Fmedia&parent=360"}],"wp:term":[{"taxonomy":"category","embeddable":true,"href":"http:\/\/roskildebmx.dk\/index.php?rest_route=%2Fwp%2Fv2%2Fcategories&post=360"},{"taxonomy":"post_tag","embeddable":true,"href":"http:\/\/roskildebmx.dk\/index.php?rest_route=%2Fwp%2Fv2%2Ftags&post=360"}],"curies":[{"name":"wp","href":"https:\/\/api.w.org\/{rel}","templated":true}]}}